{"id":152,"date":"2019-04-10T17:18:59","date_gmt":"2019-04-10T17:18:59","guid":{"rendered":"http:\/\/services-bibliotheques.uqam.ca\/info-cclr\/?p=152"},"modified":"2022-09-28T17:18:43","modified_gmt":"2022-09-28T17:18:43","slug":"152-2","status":"publish","type":"post","link":"https:\/\/sites-bibliotheques.uqam.ca\/livres-rares\/non-classe\/152-2\/","title":{"rendered":"50 ans, 100 livres, 500 ans d&rsquo;\u00e9dition !  Exposition pr\u00e9sent\u00e9e en d\u00e9cembre 2019."},"content":{"rendered":"\n<p>Le Centre des livres rares et des collections sp\u00e9ciales ouvrira officiellement ses portes le 4 d\u00e9cembre 2019, en pr\u00e9sentant une exposition d\u2019ouvrages rares et anciens provenant des collections qui ont constitu\u00e9 le premier fonds documentaire de l\u2019UQAM. Cet h\u00e9ritage provient des legs du Coll\u00e8ge Sainte-Marie (1848-1969), de l\u2019\u00c9cole normale Jacques-Cartier (1857-1969) et de l\u2019\u00c9cole des beaux-arts de Montr\u00e9al (1922-1969). Ces trois \u00e9tablissements ont permis \u00e0 l\u2019UQAM de se doter, d\u00e8s sa fondation, d\u2019une pr\u00e9cieuse collection de livres rares et anciens.&nbsp; <\/p>\n\n\n\n<p>Comme universit\u00e9 nouvelle, l\u2019UQAM a fait le pari, d\u00e8s 1969, de renouveler la p\u00e9dagogie et la culture universitaire. Ces collections fondatrices t\u00e9moignent de la culture l\u00e9gu\u00e9e par ces trois institutions d\u2019enseignement fusionn\u00e9es pour former l\u2019Universit\u00e9 du Qu\u00e9bec \u00e0 Montr\u00e9al. Cet h\u00e9ritage constitue une bonne part de son \u00ab ADN \u00bb. <\/p>\n\n\n\n<p>Trois commissaires sont charg\u00e9es de l\u2019exposition : madame Lyse Roy, professeure au d\u00e9partement d\u2019histoire, madame Brenda Dunn-Lardeau, professeure au d\u00e9partement d\u2019\u00e9tudes litt\u00e9raires, toutes deux sp\u00e9cialistes du Moyen \u00c2ge et de l\u2019\u00e9poque moderne, et madame Sylvie Alix, biblioth\u00e9caire sp\u00e9cialiste des livres rares, anciens et contemporains \u00e0 l\u2019UQAM. <\/p>\n\n\n\n<p>L\u2019exposition se d\u00e9roulera en trois volets. Chacun des volets aura une dur\u00e9e maximale de 8 semaines, afin de respecter les normes de conservation des livres rares et anciens qui ne peuvent \u00eatre plac\u00e9s sous la lumi\u00e8re et en position ouverte pour une plus longue dur\u00e9e.&nbsp; <\/p>\n\n\n\n<ul class=\"wp-block-list\"><li>Le premier volet sera consacr\u00e9 aux ouvrages du Coll\u00e8ge Sainte-Marie, et mettra en valeur la culture humaniste et la culture religieuse de l\u2019institution j\u00e9suite ; <\/li><li>Le deuxi\u00e8me sera d\u00e9di\u00e9 \u00e0 l\u2019\u00c9cole normale Jacques-Cartier avec des ouvrages valorisant la p\u00e9dagogie et l\u2019enseignement ainsi que l\u2019histoire du Canada fran\u00e7ais et sa culture ; <\/li><li>Le troisi\u00e8me, consacr\u00e9 \u00e0 l\u2019\u00c9cole des beaux-arts de Montr\u00e9al, mettra en \u00e9vidence des ouvrages illustr\u00e9s anciens et modernes ayant servi \u00e0 l\u2019enseignement des arts, d\u00e8s 1923.&nbsp; <\/li><\/ul>\n\n\n\n<p>L\u2019exposition pr\u00e9sentera une cinquantaine d\u2019ouvrages, allant du XVI<sup>e&nbsp;<\/sup>au XX<sup>e<\/sup> si\u00e8cle, dont plusieurs n\u2019ont encore jamais \u00e9t\u00e9 montr\u00e9s au public.&nbsp; Ceux-ci sont choisis pour leur valeur intellectuelle, historique, ainsi qu\u2019esth\u00e9tique.&nbsp; Enfin, l\u2019\u00e9v\u00e9nement soulignera la production scientifique des chercheurs de l\u2019UQAM, issue des travaux portant sur ces collections.<\/p>\n\n\n\n<p>Des visites comment\u00e9es, conf\u00e9rences-midi et activit\u00e9s de formation viendront compl\u00e9ter la programmation. <\/p>\n\n\n\n<p><\/p>\n\n\n\n<h4 class=\"wp-block-heading\"><\/h4>\n\n\n\n<h2 class=\"wp-block-heading\"><\/h2>\n\n\n\n<h4 class=\"wp-block-heading\"><\/h4>\n\n\n\n<p><\/p>\n","protected":false},"excerpt":{"rendered":"<p>\t\t\t\t\t\tLe Centre des livres rares et des collections sp\u00e9ciales ouvrira officiellement ses portes le 4 d\u00e9cembre 2019, en pr\u00e9sentant une exposition d\u2019ouvrages rares et anciens provenant des collections qui ont constitu\u00e9 le premier fonds documentaire de l\u2019UQAM.<\/p>\n","protected":false},"author":1,"featured_media":0,"comment_status":"closed","ping_status":"closed","sticky":false,"template":"","format":"standard","meta":{"advgb_blocks_editor_width":"","advgb_blocks_columns_visual_guide":"","footnotes":""},"categories":[9,1],"tags":[],"class_list":["post-152","post","type-post","status-publish","format-standard","hentry","category-actualites","category-non-classe"],"yoast_head":"<!-- This site is optimized with the Yoast SEO plugin v26.9 - https:\/\/yoast.com\/product\/yoast-seo-wordpress\/ -->\n<title>50 ans, 100 livres, 500 ans d&#039;\u00e9dition ! Exposition pr\u00e9sent\u00e9e en d\u00e9cembre 2019. | Centre des livres rares et collections sp\u00e9ciales | UQAM<\/title>\n<meta name=\"robots\" content=\"index, follow, max-snippet:-1, max-image-preview:large, max-video-preview:-1\" \/>\n<link rel=\"canonical\" href=\"https:\/\/sites-bibliotheques.uqam.ca\/livres-rares\/non-classe\/152-2\/\" \/>\n<meta property=\"og:locale\" content=\"fr_CA\" \/>\n<meta property=\"og:type\" content=\"article\" \/>\n<meta property=\"og:title\" content=\"50 ans, 100 livres, 500 ans d&#039;\u00e9dition ! Exposition pr\u00e9sent\u00e9e en d\u00e9cembre 2019. | Centre des livres rares et collections sp\u00e9ciales | UQAM\" \/>\n<meta property=\"og:description\" content=\"Le Centre des livres rares et des collections sp\u00e9ciales ouvrira officiellement ses portes le 4 d\u00e9cembre 2019, en pr\u00e9sentant une exposition d\u2019ouvrages rares et anciens provenant des collections qui ont constitu\u00e9 le premier fonds documentaire de l\u2019UQAM.\" \/>\n<meta property=\"og:url\" content=\"https:\/\/sites-bibliotheques.uqam.ca\/livres-rares\/non-classe\/152-2\/\" \/>\n<meta property=\"og:site_name\" content=\"Centre des livres rares et collections sp\u00e9ciales\" \/>\n<meta property=\"article:published_time\" content=\"2019-04-10T17:18:59+00:00\" \/>\n<meta property=\"article:modified_time\" content=\"2022-09-28T17:18:43+00:00\" \/>\n<meta name=\"author\" content=\"Laporte, Jonathan\" \/>\n<meta name=\"twitter:card\" content=\"summary_large_image\" \/>\n<meta name=\"twitter:label1\" content=\"\u00c9crit par\" \/>\n\t<meta name=\"twitter:data1\" content=\"Laporte, Jonathan\" \/>\n\t<meta name=\"twitter:label2\" content=\"Estimation du temps de lecture\" \/>\n\t<meta name=\"twitter:data2\" content=\"2 minutes\" \/>\n<script type=\"application\/ld+json\" class=\"yoast-schema-graph\">{\"@context\":\"https:\/\/schema.org\",\"@graph\":[{\"@type\":\"Article\",\"@id\":\"https:\/\/sites-bibliotheques.uqam.ca\/livres-rares\/non-classe\/152-2\/#article\",\"isPartOf\":{\"@id\":\"https:\/\/sites-bibliotheques.uqam.ca\/livres-rares\/non-classe\/152-2\/\"},\"author\":{\"name\":\"Laporte, Jonathan\",\"@id\":\"https:\/\/sites-bibliotheques.uqam.ca\/livres-rares\/#\/schema\/person\/e5e84bd1ae9f879b3c315c5c04cb3e4a\"},\"headline\":\"50 ans, 100 livres, 500 ans d&rsquo;\u00e9dition ! Exposition pr\u00e9sent\u00e9e en d\u00e9cembre 2019.\",\"datePublished\":\"2019-04-10T17:18:59+00:00\",\"dateModified\":\"2022-09-28T17:18:43+00:00\",\"mainEntityOfPage\":{\"@id\":\"https:\/\/sites-bibliotheques.uqam.ca\/livres-rares\/non-classe\/152-2\/\"},\"wordCount\":434,\"publisher\":{\"@id\":\"https:\/\/sites-bibliotheques.uqam.ca\/livres-rares\/#organization\"},\"articleSection\":[\"Actualit\u00e9s\"],\"inLanguage\":\"fr-CA\"},{\"@type\":\"WebPage\",\"@id\":\"https:\/\/sites-bibliotheques.uqam.ca\/livres-rares\/non-classe\/152-2\/\",\"url\":\"https:\/\/sites-bibliotheques.uqam.ca\/livres-rares\/non-classe\/152-2\/\",\"name\":\"50 ans, 100 livres, 500 ans d'\u00e9dition ! Exposition pr\u00e9sent\u00e9e en d\u00e9cembre 2019. | Centre des livres rares et collections sp\u00e9ciales | UQAM\",\"isPartOf\":{\"@id\":\"https:\/\/sites-bibliotheques.uqam.ca\/livres-rares\/#website\"},\"datePublished\":\"2019-04-10T17:18:59+00:00\",\"dateModified\":\"2022-09-28T17:18:43+00:00\",\"breadcrumb\":{\"@id\":\"https:\/\/sites-bibliotheques.uqam.ca\/livres-rares\/non-classe\/152-2\/#breadcrumb\"},\"inLanguage\":\"fr-CA\",\"potentialAction\":[{\"@type\":\"ReadAction\",\"target\":[\"https:\/\/sites-bibliotheques.uqam.ca\/livres-rares\/non-classe\/152-2\/\"]}]},{\"@type\":\"WebSite\",\"@id\":\"https:\/\/sites-bibliotheques.uqam.ca\/livres-rares\/#website\",\"url\":\"https:\/\/sites-bibliotheques.uqam.ca\/livres-rares\/\",\"name\":\"Centre des livres rares et collections sp\u00e9ciales\",\"description\":\"Un site utilisant Site des biblioth\u00e8ques en DEV\",\"publisher\":{\"@id\":\"https:\/\/sites-bibliotheques.uqam.ca\/livres-rares\/#organization\"},\"potentialAction\":[{\"@type\":\"SearchAction\",\"target\":{\"@type\":\"EntryPoint\",\"urlTemplate\":\"https:\/\/sites-bibliotheques.uqam.ca\/livres-rares\/recherche\/?q={search_term_string}\"},\"query-input\":{\"@type\":\"PropertyValueSpecification\",\"valueRequired\":true,\"valueName\":\"search_term_string\"}}],\"inLanguage\":\"fr-CA\"},{\"@type\":\"Organization\",\"@id\":\"https:\/\/sites-bibliotheques.uqam.ca\/livres-rares\/#organization\",\"name\":\"Centre de consultation des livres rares\",\"url\":\"https:\/\/sites-bibliotheques.uqam.ca\/livres-rares\/\",\"logo\":{\"@type\":\"ImageObject\",\"inLanguage\":\"fr-CA\",\"@id\":\"https:\/\/sites-bibliotheques.uqam.ca\/livres-rares\/#\/schema\/logo\/image\/\",\"url\":\"https:\/\/gabarit-adaptatif.uqam.ca\/statique\/images\/logo-uqam.jpg\",\"contentUrl\":\"\",\"caption\":\"Centre de consultation des livres rares\"},\"image\":{\"@id\":\"https:\/\/sites-bibliotheques.uqam.ca\/livres-rares\/#\/schema\/logo\/image\/\"},\"parentOrganization\":{\"@type\":\"EducationalOrganization\",\"@id\":\"https:\/\/uqam.ca\/#organization\",\"name\":\"Universit\u00e9 du Qu\u00e9bec \u00e0 Montr\u00e9al\",\"url\":\"https:\/\/uqam.ca\",\"alternateName\":\"UQAM\",\"logo\":\"https:\/\/gabarit-adaptatif.uqam.ca\/statique\/images\/logo-uqam.jpg\"}},{\"@type\":\"Person\",\"@id\":\"https:\/\/sites-bibliotheques.uqam.ca\/livres-rares\/#\/schema\/person\/e5e84bd1ae9f879b3c315c5c04cb3e4a\",\"name\":\"Laporte, Jonathan\",\"image\":{\"@type\":\"ImageObject\",\"inLanguage\":\"fr-CA\",\"@id\":\"https:\/\/sites-bibliotheques.uqam.ca\/livres-rares\/#\/schema\/person\/image\/\",\"url\":\"https:\/\/secure.gravatar.com\/avatar\/064745b4f9b92b9af7de294b8db82c824b80019f5ffd151c99b31426eeff56de?s=96&d=mm&r=g\",\"contentUrl\":\"https:\/\/secure.gravatar.com\/avatar\/064745b4f9b92b9af7de294b8db82c824b80019f5ffd151c99b31426eeff56de?s=96&d=mm&r=g\",\"caption\":\"Laporte, Jonathan\"},\"sameAs\":[\"https:\/\/sites-bibliotheques.uqam.ca\"]}]}<\/script>\n<!-- \/ Yoast SEO plugin. -->","yoast_head_json":{"title":"50 ans, 100 livres, 500 ans d'\u00e9dition ! Exposition pr\u00e9sent\u00e9e en d\u00e9cembre 2019. | Centre des livres rares et collections sp\u00e9ciales | UQAM","robots":{"index":"index","follow":"follow","max-snippet":"max-snippet:-1","max-image-preview":"max-image-preview:large","max-video-preview":"max-video-preview:-1"},"canonical":"https:\/\/sites-bibliotheques.uqam.ca\/livres-rares\/non-classe\/152-2\/","og_locale":"fr_CA","og_type":"article","og_title":"50 ans, 100 livres, 500 ans d'\u00e9dition ! Exposition pr\u00e9sent\u00e9e en d\u00e9cembre 2019. | Centre des livres rares et collections sp\u00e9ciales | UQAM","og_description":"Le Centre des livres rares et des collections sp\u00e9ciales ouvrira officiellement ses portes le 4 d\u00e9cembre 2019, en pr\u00e9sentant une exposition d\u2019ouvrages rares et anciens provenant des collections qui ont constitu\u00e9 le premier fonds documentaire de l\u2019UQAM.","og_url":"https:\/\/sites-bibliotheques.uqam.ca\/livres-rares\/non-classe\/152-2\/","og_site_name":"Centre des livres rares et collections sp\u00e9ciales","article_published_time":"2019-04-10T17:18:59+00:00","article_modified_time":"2022-09-28T17:18:43+00:00","author":"Laporte, Jonathan","twitter_card":"summary_large_image","twitter_misc":{"\u00c9crit par":"Laporte, Jonathan","Estimation du temps de lecture":"2 minutes"},"schema":{"@context":"https:\/\/schema.org","@graph":[{"@type":"Article","@id":"https:\/\/sites-bibliotheques.uqam.ca\/livres-rares\/non-classe\/152-2\/#article","isPartOf":{"@id":"https:\/\/sites-bibliotheques.uqam.ca\/livres-rares\/non-classe\/152-2\/"},"author":{"name":"Laporte, Jonathan","@id":"https:\/\/sites-bibliotheques.uqam.ca\/livres-rares\/#\/schema\/person\/e5e84bd1ae9f879b3c315c5c04cb3e4a"},"headline":"50 ans, 100 livres, 500 ans d&rsquo;\u00e9dition ! Exposition pr\u00e9sent\u00e9e en d\u00e9cembre 2019.","datePublished":"2019-04-10T17:18:59+00:00","dateModified":"2022-09-28T17:18:43+00:00","mainEntityOfPage":{"@id":"https:\/\/sites-bibliotheques.uqam.ca\/livres-rares\/non-classe\/152-2\/"},"wordCount":434,"publisher":{"@id":"https:\/\/sites-bibliotheques.uqam.ca\/livres-rares\/#organization"},"articleSection":["Actualit\u00e9s"],"inLanguage":"fr-CA"},{"@type":"WebPage","@id":"https:\/\/sites-bibliotheques.uqam.ca\/livres-rares\/non-classe\/152-2\/","url":"https:\/\/sites-bibliotheques.uqam.ca\/livres-rares\/non-classe\/152-2\/","name":"50 ans, 100 livres, 500 ans d'\u00e9dition ! Exposition pr\u00e9sent\u00e9e en d\u00e9cembre 2019. | Centre des livres rares et collections sp\u00e9ciales | UQAM","isPartOf":{"@id":"https:\/\/sites-bibliotheques.uqam.ca\/livres-rares\/#website"},"datePublished":"2019-04-10T17:18:59+00:00","dateModified":"2022-09-28T17:18:43+00:00","breadcrumb":{"@id":"https:\/\/sites-bibliotheques.uqam.ca\/livres-rares\/non-classe\/152-2\/#breadcrumb"},"inLanguage":"fr-CA","potentialAction":[{"@type":"ReadAction","target":["https:\/\/sites-bibliotheques.uqam.ca\/livres-rares\/non-classe\/152-2\/"]}]},{"@type":"WebSite","@id":"https:\/\/sites-bibliotheques.uqam.ca\/livres-rares\/#website","url":"https:\/\/sites-bibliotheques.uqam.ca\/livres-rares\/","name":"Centre des livres rares et collections sp\u00e9ciales","description":"Un site utilisant Site des biblioth\u00e8ques en DEV","publisher":{"@id":"https:\/\/sites-bibliotheques.uqam.ca\/livres-rares\/#organization"},"potentialAction":[{"@type":"SearchAction","target":{"@type":"EntryPoint","urlTemplate":"https:\/\/sites-bibliotheques.uqam.ca\/livres-rares\/recherche\/?q={search_term_string}"},"query-input":{"@type":"PropertyValueSpecification","valueRequired":true,"valueName":"search_term_string"}}],"inLanguage":"fr-CA"},{"@type":"Organization","@id":"https:\/\/sites-bibliotheques.uqam.ca\/livres-rares\/#organization","name":"Centre de consultation des livres rares","url":"https:\/\/sites-bibliotheques.uqam.ca\/livres-rares\/","logo":{"@type":"ImageObject","inLanguage":"fr-CA","@id":"https:\/\/sites-bibliotheques.uqam.ca\/livres-rares\/#\/schema\/logo\/image\/","url":"https:\/\/gabarit-adaptatif.uqam.ca\/statique\/images\/logo-uqam.jpg","contentUrl":"","caption":"Centre de consultation des livres rares"},"image":{"@id":"https:\/\/sites-bibliotheques.uqam.ca\/livres-rares\/#\/schema\/logo\/image\/"},"parentOrganization":{"@type":"EducationalOrganization","@id":"https:\/\/uqam.ca\/#organization","name":"Universit\u00e9 du Qu\u00e9bec \u00e0 Montr\u00e9al","url":"https:\/\/uqam.ca","alternateName":"UQAM","logo":"https:\/\/gabarit-adaptatif.uqam.ca\/statique\/images\/logo-uqam.jpg"}},{"@type":"Person","@id":"https:\/\/sites-bibliotheques.uqam.ca\/livres-rares\/#\/schema\/person\/e5e84bd1ae9f879b3c315c5c04cb3e4a","name":"Laporte, Jonathan","image":{"@type":"ImageObject","inLanguage":"fr-CA","@id":"https:\/\/sites-bibliotheques.uqam.ca\/livres-rares\/#\/schema\/person\/image\/","url":"https:\/\/secure.gravatar.com\/avatar\/064745b4f9b92b9af7de294b8db82c824b80019f5ffd151c99b31426eeff56de?s=96&d=mm&r=g","contentUrl":"https:\/\/secure.gravatar.com\/avatar\/064745b4f9b92b9af7de294b8db82c824b80019f5ffd151c99b31426eeff56de?s=96&d=mm&r=g","caption":"Laporte, Jonathan"},"sameAs":["https:\/\/sites-bibliotheques.uqam.ca"]}]}},"author_meta":{"display_name":"Laporte, Jonathan","author_link":"https:\/\/sites-bibliotheques.uqam.ca\/livres-rares\/author\/laporte_jon\/"},"featured_img":null,"coauthors":[],"tax_additional":{"categories":{"linked":["<a href=\"https:\/\/sites-bibliotheques.uqam.ca\/livres-rares\/actualites\/\" class=\"advgb-post-tax-term\">Actualit\u00e9s<\/a>","<a href=\"https:\/\/sites-bibliotheques.uqam.ca\/livres-rares\/non-classe\/\" class=\"advgb-post-tax-term\">Non class\u00e9<\/a>"],"unlinked":["<span class=\"advgb-post-tax-term\">Actualit\u00e9s<\/span>","<span class=\"advgb-post-tax-term\">Non class\u00e9<\/span>"]}},"comment_count":"0","relative_dates":{"created":"Posted 7 ann\u00e9es ago","modified":"Updated 4 ann\u00e9es ago"},"absolute_dates":{"created":"Posted on 10 avril 2019","modified":"Updated on 28 septembre 2022"},"absolute_dates_time":{"created":"Posted on 10 avril 2019 17 h 18 min","modified":"Updated on 28 septembre 2022 17 h 18 min"},"featured_img_caption":"","series_order":"","_links":{"self":[{"href":"https:\/\/sites-bibliotheques.uqam.ca\/livres-rares\/wp-json\/wp\/v2\/posts\/152","targetHints":{"allow":["GET"]}}],"collection":[{"href":"https:\/\/sites-bibliotheques.uqam.ca\/livres-rares\/wp-json\/wp\/v2\/posts"}],"about":[{"href":"https:\/\/sites-bibliotheques.uqam.ca\/livres-rares\/wp-json\/wp\/v2\/types\/post"}],"author":[{"embeddable":true,"href":"https:\/\/sites-bibliotheques.uqam.ca\/livres-rares\/wp-json\/wp\/v2\/users\/1"}],"replies":[{"embeddable":true,"href":"https:\/\/sites-bibliotheques.uqam.ca\/livres-rares\/wp-json\/wp\/v2\/comments?post=152"}],"version-history":[{"count":1,"href":"https:\/\/sites-bibliotheques.uqam.ca\/livres-rares\/wp-json\/wp\/v2\/posts\/152\/revisions"}],"predecessor-version":[{"id":838,"href":"https:\/\/sites-bibliotheques.uqam.ca\/livres-rares\/wp-json\/wp\/v2\/posts\/152\/revisions\/838"}],"wp:attachment":[{"href":"https:\/\/sites-bibliotheques.uqam.ca\/livres-rares\/wp-json\/wp\/v2\/media?parent=152"}],"wp:term":[{"taxonomy":"category","embeddable":true,"href":"https:\/\/sites-bibliotheques.uqam.ca\/livres-rares\/wp-json\/wp\/v2\/categories?post=152"},{"taxonomy":"post_tag","embeddable":true,"href":"https:\/\/sites-bibliotheques.uqam.ca\/livres-rares\/wp-json\/wp\/v2\/tags?post=152"}],"curies":[{"name":"wp","href":"https:\/\/api.w.org\/{rel}","templated":true}]}}