{"id":31,"date":"2018-03-13T08:48:51","date_gmt":"2018-03-13T08:48:51","guid":{"rendered":"http:\/\/services-bibliotheques.uqam.ca\/info-cclr\/?p=31"},"modified":"2022-09-28T17:18:43","modified_gmt":"2022-09-28T17:18:43","slug":"5-projets-majeurs","status":"publish","type":"post","link":"https:\/\/sites-bibliotheques.uqam.ca\/livres-rares\/non-classe\/5-projets-majeurs\/","title":{"rendered":"Ce projet fait partie de 5 projets majeurs \u00e0 l\u2019UQAM."},"content":{"rendered":"<p>\t\t\t\tCe projet fait partie de 5 projets majeurs pour lesquels l\u2019Universit\u00e9 a re\u00e7u des investissements de plus de 35 M $ de la part des gouvernements f\u00e9d\u00e9ral et provincial ainsi que de la Ville de Montr\u00e9al. Ces subventions visent, entre autres, \u00e0 mettre en place des infrastructures de pointe en recherche et en cr\u00e9ation. Pour le Service des biblioth\u00e8ques, cela signifie la r\u00e9cup\u00e9ration et la r\u00e9novation du prolongement du pavillon Hubert-Aquin (ancien presbyt\u00e8re) pour y am\u00e9nager un tout nouvel espace de travail et de consultation pour les \u00e9tudiants et chercheurs, ainsi qu\u2019un endroit r\u00e9pondant aux normes de conservation des livres rares.<\/p>\n<p><a href=\"https:\/\/www.actualites.uqam.ca\/2018\/debut-des-travaux-de-construction-du-centre-de-consultation-des-livres-rares\" target=\"_blank\" rel=\"noopener\">Voir l&rsquo;article paru dans Actualit\u00e9s UQAM<\/a>.\t\t<\/p>\n","protected":false},"excerpt":{"rendered":"<p>Ce projet fait partie de 5 projets majeurs pour lesquels l\u2019Universit\u00e9 a re\u00e7u des investissements de plus de 35 M $ de la part des gouvernements f\u00e9d\u00e9ral et provincial ainsi que de la Ville de Montr\u00e9al. Ces subventions visent, entre autres, \u00e0 mettre en place des infrastructures de pointe en recherche et en cr\u00e9ation. Pour [&hellip;]<\/p>\n","protected":false},"author":1,"featured_media":0,"comment_status":"closed","ping_status":"closed","sticky":false,"template":"","format":"standard","meta":{"advgb_blocks_editor_width":"","advgb_blocks_columns_visual_guide":"","footnotes":""},"categories":[9,1],"tags":[],"class_list":["post-31","post","type-post","status-publish","format-standard","hentry","category-actualites","category-non-classe"],"yoast_head":"<!-- This site is optimized with the Yoast SEO plugin v26.9 - https:\/\/yoast.com\/product\/yoast-seo-wordpress\/ -->\n<title>Ce projet fait partie de 5 projets majeurs \u00e0 l\u2019UQAM. | Centre des livres rares et collections sp\u00e9ciales | UQAM<\/title>\n<meta name=\"robots\" content=\"index, follow, max-snippet:-1, max-image-preview:large, max-video-preview:-1\" \/>\n<link rel=\"canonical\" href=\"https:\/\/sites-bibliotheques.uqam.ca\/livres-rares\/non-classe\/5-projets-majeurs\/\" \/>\n<meta property=\"og:locale\" content=\"fr_CA\" \/>\n<meta property=\"og:type\" content=\"article\" \/>\n<meta property=\"og:title\" content=\"Ce projet fait partie de 5 projets majeurs \u00e0 l\u2019UQAM. | Centre des livres rares et collections sp\u00e9ciales | UQAM\" \/>\n<meta property=\"og:description\" content=\"Ce projet fait partie de 5 projets majeurs pour lesquels l\u2019Universit\u00e9 a re\u00e7u des investissements de plus de 35 M $ de la part des gouvernements f\u00e9d\u00e9ral et provincial ainsi que de la Ville de Montr\u00e9al. Ces subventions visent, entre autres, \u00e0 mettre en place des infrastructures de pointe en recherche et en cr\u00e9ation. Pour [&hellip;]\" \/>\n<meta property=\"og:url\" content=\"https:\/\/sites-bibliotheques.uqam.ca\/livres-rares\/non-classe\/5-projets-majeurs\/\" \/>\n<meta property=\"og:site_name\" content=\"Centre des livres rares et collections sp\u00e9ciales\" \/>\n<meta property=\"article:published_time\" content=\"2018-03-13T08:48:51+00:00\" \/>\n<meta property=\"article:modified_time\" content=\"2022-09-28T17:18:43+00:00\" \/>\n<meta name=\"author\" content=\"Laporte, Jonathan\" \/>\n<meta name=\"twitter:card\" content=\"summary_large_image\" \/>\n<meta name=\"twitter:label1\" content=\"\u00c9crit par\" \/>\n\t<meta name=\"twitter:data1\" content=\"Laporte, Jonathan\" \/>\n\t<meta name=\"twitter:label2\" content=\"Estimation du temps de lecture\" \/>\n\t<meta name=\"twitter:data2\" content=\"1 minute\" \/>\n<script type=\"application\/ld+json\" class=\"yoast-schema-graph\">{\"@context\":\"https:\/\/schema.org\",\"@graph\":[{\"@type\":\"Article\",\"@id\":\"https:\/\/sites-bibliotheques.uqam.ca\/livres-rares\/non-classe\/5-projets-majeurs\/#article\",\"isPartOf\":{\"@id\":\"https:\/\/sites-bibliotheques.uqam.ca\/livres-rares\/non-classe\/5-projets-majeurs\/\"},\"author\":{\"name\":\"Laporte, Jonathan\",\"@id\":\"https:\/\/sites-bibliotheques.uqam.ca\/livres-rares\/#\/schema\/person\/e5e84bd1ae9f879b3c315c5c04cb3e4a\"},\"headline\":\"Ce projet fait partie de 5 projets majeurs \u00e0 l\u2019UQAM.\",\"datePublished\":\"2018-03-13T08:48:51+00:00\",\"dateModified\":\"2022-09-28T17:18:43+00:00\",\"mainEntityOfPage\":{\"@id\":\"https:\/\/sites-bibliotheques.uqam.ca\/livres-rares\/non-classe\/5-projets-majeurs\/\"},\"wordCount\":127,\"publisher\":{\"@id\":\"https:\/\/sites-bibliotheques.uqam.ca\/livres-rares\/#organization\"},\"articleSection\":[\"Actualit\u00e9s\"],\"inLanguage\":\"fr-CA\"},{\"@type\":\"WebPage\",\"@id\":\"https:\/\/sites-bibliotheques.uqam.ca\/livres-rares\/non-classe\/5-projets-majeurs\/\",\"url\":\"https:\/\/sites-bibliotheques.uqam.ca\/livres-rares\/non-classe\/5-projets-majeurs\/\",\"name\":\"Ce projet fait partie de 5 projets majeurs \u00e0 l\u2019UQAM. | Centre des livres rares et collections sp\u00e9ciales | UQAM\",\"isPartOf\":{\"@id\":\"https:\/\/sites-bibliotheques.uqam.ca\/livres-rares\/#website\"},\"datePublished\":\"2018-03-13T08:48:51+00:00\",\"dateModified\":\"2022-09-28T17:18:43+00:00\",\"breadcrumb\":{\"@id\":\"https:\/\/sites-bibliotheques.uqam.ca\/livres-rares\/non-classe\/5-projets-majeurs\/#breadcrumb\"},\"inLanguage\":\"fr-CA\",\"potentialAction\":[{\"@type\":\"ReadAction\",\"target\":[\"https:\/\/sites-bibliotheques.uqam.ca\/livres-rares\/non-classe\/5-projets-majeurs\/\"]}]},{\"@type\":\"WebSite\",\"@id\":\"https:\/\/sites-bibliotheques.uqam.ca\/livres-rares\/#website\",\"url\":\"https:\/\/sites-bibliotheques.uqam.ca\/livres-rares\/\",\"name\":\"Centre des livres rares et collections sp\u00e9ciales\",\"description\":\"Un site utilisant Site des biblioth\u00e8ques en DEV\",\"publisher\":{\"@id\":\"https:\/\/sites-bibliotheques.uqam.ca\/livres-rares\/#organization\"},\"potentialAction\":[{\"@type\":\"SearchAction\",\"target\":{\"@type\":\"EntryPoint\",\"urlTemplate\":\"https:\/\/sites-bibliotheques.uqam.ca\/livres-rares\/recherche\/?q={search_term_string}\"},\"query-input\":{\"@type\":\"PropertyValueSpecification\",\"valueRequired\":true,\"valueName\":\"search_term_string\"}}],\"inLanguage\":\"fr-CA\"},{\"@type\":\"Organization\",\"@id\":\"https:\/\/sites-bibliotheques.uqam.ca\/livres-rares\/#organization\",\"name\":\"Centre de consultation des livres rares\",\"url\":\"https:\/\/sites-bibliotheques.uqam.ca\/livres-rares\/\",\"logo\":{\"@type\":\"ImageObject\",\"inLanguage\":\"fr-CA\",\"@id\":\"https:\/\/sites-bibliotheques.uqam.ca\/livres-rares\/#\/schema\/logo\/image\/\",\"url\":\"https:\/\/gabarit-adaptatif.uqam.ca\/statique\/images\/logo-uqam.jpg\",\"contentUrl\":\"\",\"caption\":\"Centre de consultation des livres rares\"},\"image\":{\"@id\":\"https:\/\/sites-bibliotheques.uqam.ca\/livres-rares\/#\/schema\/logo\/image\/\"},\"parentOrganization\":{\"@type\":\"EducationalOrganization\",\"@id\":\"https:\/\/uqam.ca\/#organization\",\"name\":\"Universit\u00e9 du Qu\u00e9bec \u00e0 Montr\u00e9al\",\"url\":\"https:\/\/uqam.ca\",\"alternateName\":\"UQAM\",\"logo\":\"https:\/\/gabarit-adaptatif.uqam.ca\/statique\/images\/logo-uqam.jpg\"}},{\"@type\":\"Person\",\"@id\":\"https:\/\/sites-bibliotheques.uqam.ca\/livres-rares\/#\/schema\/person\/e5e84bd1ae9f879b3c315c5c04cb3e4a\",\"name\":\"Laporte, Jonathan\",\"image\":{\"@type\":\"ImageObject\",\"inLanguage\":\"fr-CA\",\"@id\":\"https:\/\/sites-bibliotheques.uqam.ca\/livres-rares\/#\/schema\/person\/image\/\",\"url\":\"https:\/\/secure.gravatar.com\/avatar\/064745b4f9b92b9af7de294b8db82c824b80019f5ffd151c99b31426eeff56de?s=96&d=mm&r=g\",\"contentUrl\":\"https:\/\/secure.gravatar.com\/avatar\/064745b4f9b92b9af7de294b8db82c824b80019f5ffd151c99b31426eeff56de?s=96&d=mm&r=g\",\"caption\":\"Laporte, Jonathan\"},\"sameAs\":[\"https:\/\/sites-bibliotheques.uqam.ca\"]}]}<\/script>\n<!-- \/ Yoast SEO plugin. -->","yoast_head_json":{"title":"Ce projet fait partie de 5 projets majeurs \u00e0 l\u2019UQAM. | Centre des livres rares et collections sp\u00e9ciales | UQAM","robots":{"index":"index","follow":"follow","max-snippet":"max-snippet:-1","max-image-preview":"max-image-preview:large","max-video-preview":"max-video-preview:-1"},"canonical":"https:\/\/sites-bibliotheques.uqam.ca\/livres-rares\/non-classe\/5-projets-majeurs\/","og_locale":"fr_CA","og_type":"article","og_title":"Ce projet fait partie de 5 projets majeurs \u00e0 l\u2019UQAM. | Centre des livres rares et collections sp\u00e9ciales | UQAM","og_description":"Ce projet fait partie de 5 projets majeurs pour lesquels l\u2019Universit\u00e9 a re\u00e7u des investissements de plus de 35 M $ de la part des gouvernements f\u00e9d\u00e9ral et provincial ainsi que de la Ville de Montr\u00e9al. Ces subventions visent, entre autres, \u00e0 mettre en place des infrastructures de pointe en recherche et en cr\u00e9ation. Pour [&hellip;]","og_url":"https:\/\/sites-bibliotheques.uqam.ca\/livres-rares\/non-classe\/5-projets-majeurs\/","og_site_name":"Centre des livres rares et collections sp\u00e9ciales","article_published_time":"2018-03-13T08:48:51+00:00","article_modified_time":"2022-09-28T17:18:43+00:00","author":"Laporte, Jonathan","twitter_card":"summary_large_image","twitter_misc":{"\u00c9crit par":"Laporte, Jonathan","Estimation du temps de lecture":"1 minute"},"schema":{"@context":"https:\/\/schema.org","@graph":[{"@type":"Article","@id":"https:\/\/sites-bibliotheques.uqam.ca\/livres-rares\/non-classe\/5-projets-majeurs\/#article","isPartOf":{"@id":"https:\/\/sites-bibliotheques.uqam.ca\/livres-rares\/non-classe\/5-projets-majeurs\/"},"author":{"name":"Laporte, Jonathan","@id":"https:\/\/sites-bibliotheques.uqam.ca\/livres-rares\/#\/schema\/person\/e5e84bd1ae9f879b3c315c5c04cb3e4a"},"headline":"Ce projet fait partie de 5 projets majeurs \u00e0 l\u2019UQAM.","datePublished":"2018-03-13T08:48:51+00:00","dateModified":"2022-09-28T17:18:43+00:00","mainEntityOfPage":{"@id":"https:\/\/sites-bibliotheques.uqam.ca\/livres-rares\/non-classe\/5-projets-majeurs\/"},"wordCount":127,"publisher":{"@id":"https:\/\/sites-bibliotheques.uqam.ca\/livres-rares\/#organization"},"articleSection":["Actualit\u00e9s"],"inLanguage":"fr-CA"},{"@type":"WebPage","@id":"https:\/\/sites-bibliotheques.uqam.ca\/livres-rares\/non-classe\/5-projets-majeurs\/","url":"https:\/\/sites-bibliotheques.uqam.ca\/livres-rares\/non-classe\/5-projets-majeurs\/","name":"Ce projet fait partie de 5 projets majeurs \u00e0 l\u2019UQAM. | Centre des livres rares et collections sp\u00e9ciales | UQAM","isPartOf":{"@id":"https:\/\/sites-bibliotheques.uqam.ca\/livres-rares\/#website"},"datePublished":"2018-03-13T08:48:51+00:00","dateModified":"2022-09-28T17:18:43+00:00","breadcrumb":{"@id":"https:\/\/sites-bibliotheques.uqam.ca\/livres-rares\/non-classe\/5-projets-majeurs\/#breadcrumb"},"inLanguage":"fr-CA","potentialAction":[{"@type":"ReadAction","target":["https:\/\/sites-bibliotheques.uqam.ca\/livres-rares\/non-classe\/5-projets-majeurs\/"]}]},{"@type":"WebSite","@id":"https:\/\/sites-bibliotheques.uqam.ca\/livres-rares\/#website","url":"https:\/\/sites-bibliotheques.uqam.ca\/livres-rares\/","name":"Centre des livres rares et collections sp\u00e9ciales","description":"Un site utilisant Site des biblioth\u00e8ques en DEV","publisher":{"@id":"https:\/\/sites-bibliotheques.uqam.ca\/livres-rares\/#organization"},"potentialAction":[{"@type":"SearchAction","target":{"@type":"EntryPoint","urlTemplate":"https:\/\/sites-bibliotheques.uqam.ca\/livres-rares\/recherche\/?q={search_term_string}"},"query-input":{"@type":"PropertyValueSpecification","valueRequired":true,"valueName":"search_term_string"}}],"inLanguage":"fr-CA"},{"@type":"Organization","@id":"https:\/\/sites-bibliotheques.uqam.ca\/livres-rares\/#organization","name":"Centre de consultation des livres rares","url":"https:\/\/sites-bibliotheques.uqam.ca\/livres-rares\/","logo":{"@type":"ImageObject","inLanguage":"fr-CA","@id":"https:\/\/sites-bibliotheques.uqam.ca\/livres-rares\/#\/schema\/logo\/image\/","url":"https:\/\/gabarit-adaptatif.uqam.ca\/statique\/images\/logo-uqam.jpg","contentUrl":"","caption":"Centre de consultation des livres rares"},"image":{"@id":"https:\/\/sites-bibliotheques.uqam.ca\/livres-rares\/#\/schema\/logo\/image\/"},"parentOrganization":{"@type":"EducationalOrganization","@id":"https:\/\/uqam.ca\/#organization","name":"Universit\u00e9 du Qu\u00e9bec \u00e0 Montr\u00e9al","url":"https:\/\/uqam.ca","alternateName":"UQAM","logo":"https:\/\/gabarit-adaptatif.uqam.ca\/statique\/images\/logo-uqam.jpg"}},{"@type":"Person","@id":"https:\/\/sites-bibliotheques.uqam.ca\/livres-rares\/#\/schema\/person\/e5e84bd1ae9f879b3c315c5c04cb3e4a","name":"Laporte, Jonathan","image":{"@type":"ImageObject","inLanguage":"fr-CA","@id":"https:\/\/sites-bibliotheques.uqam.ca\/livres-rares\/#\/schema\/person\/image\/","url":"https:\/\/secure.gravatar.com\/avatar\/064745b4f9b92b9af7de294b8db82c824b80019f5ffd151c99b31426eeff56de?s=96&d=mm&r=g","contentUrl":"https:\/\/secure.gravatar.com\/avatar\/064745b4f9b92b9af7de294b8db82c824b80019f5ffd151c99b31426eeff56de?s=96&d=mm&r=g","caption":"Laporte, Jonathan"},"sameAs":["https:\/\/sites-bibliotheques.uqam.ca"]}]}},"author_meta":{"display_name":"Laporte, Jonathan","author_link":"https:\/\/sites-bibliotheques.uqam.ca\/livres-rares\/author\/laporte_jon\/"},"featured_img":null,"coauthors":[],"tax_additional":{"categories":{"linked":["<a href=\"https:\/\/sites-bibliotheques.uqam.ca\/livres-rares\/actualites\/\" class=\"advgb-post-tax-term\">Actualit\u00e9s<\/a>","<a href=\"https:\/\/sites-bibliotheques.uqam.ca\/livres-rares\/non-classe\/\" class=\"advgb-post-tax-term\">Non class\u00e9<\/a>"],"unlinked":["<span class=\"advgb-post-tax-term\">Actualit\u00e9s<\/span>","<span class=\"advgb-post-tax-term\">Non class\u00e9<\/span>"]}},"comment_count":"0","relative_dates":{"created":"Posted 8 ann\u00e9es ago","modified":"Updated 4 ann\u00e9es ago"},"absolute_dates":{"created":"Posted on 13 mars 2018","modified":"Updated on 28 septembre 2022"},"absolute_dates_time":{"created":"Posted on 13 mars 2018 8 h 48 min","modified":"Updated on 28 septembre 2022 17 h 18 min"},"featured_img_caption":"","series_order":"","_links":{"self":[{"href":"https:\/\/sites-bibliotheques.uqam.ca\/livres-rares\/wp-json\/wp\/v2\/posts\/31","targetHints":{"allow":["GET"]}}],"collection":[{"href":"https:\/\/sites-bibliotheques.uqam.ca\/livres-rares\/wp-json\/wp\/v2\/posts"}],"about":[{"href":"https:\/\/sites-bibliotheques.uqam.ca\/livres-rares\/wp-json\/wp\/v2\/types\/post"}],"author":[{"embeddable":true,"href":"https:\/\/sites-bibliotheques.uqam.ca\/livres-rares\/wp-json\/wp\/v2\/users\/1"}],"replies":[{"embeddable":true,"href":"https:\/\/sites-bibliotheques.uqam.ca\/livres-rares\/wp-json\/wp\/v2\/comments?post=31"}],"version-history":[{"count":1,"href":"https:\/\/sites-bibliotheques.uqam.ca\/livres-rares\/wp-json\/wp\/v2\/posts\/31\/revisions"}],"predecessor-version":[{"id":847,"href":"https:\/\/sites-bibliotheques.uqam.ca\/livres-rares\/wp-json\/wp\/v2\/posts\/31\/revisions\/847"}],"wp:attachment":[{"href":"https:\/\/sites-bibliotheques.uqam.ca\/livres-rares\/wp-json\/wp\/v2\/media?parent=31"}],"wp:term":[{"taxonomy":"category","embeddable":true,"href":"https:\/\/sites-bibliotheques.uqam.ca\/livres-rares\/wp-json\/wp\/v2\/categories?post=31"},{"taxonomy":"post_tag","embeddable":true,"href":"https:\/\/sites-bibliotheques.uqam.ca\/livres-rares\/wp-json\/wp\/v2\/tags?post=31"}],"curies":[{"name":"wp","href":"https:\/\/api.w.org\/{rel}","templated":true}]}}