{"id":4,"date":"2018-03-09T19:18:24","date_gmt":"2018-03-09T19:18:24","guid":{"rendered":"http:\/\/services-bibliotheques.uqam.ca\/info-cclr\/?p=4"},"modified":"2022-09-28T17:18:43","modified_gmt":"2022-09-28T17:18:43","slug":"debut-travaux","status":"publish","type":"post","link":"https:\/\/sites-bibliotheques.uqam.ca\/livres-rares\/non-classe\/debut-travaux\/","title":{"rendered":"Les travaux de construction d\u00e9buteront le mardi 13 mars."},"content":{"rendered":"<p>\t\t\t\tPendant cette journ\u00e9e, il y aura livraison de mat\u00e9riaux servant \u00e0 la construction des partitions temporaires entre le \u00ab chantier \u00bb et les espaces aux biblioth\u00e8ques. Ne soyez pas \u00e9tonn\u00e9s de rencontrer des employ\u00e9s de la construction transportant des montants m\u00e9talliques et des feuilles de gypse. Les partitions temporaires seront mises en place \u00e0 l\u2019extr\u00e9mit\u00e9 nord du rez-de-chauss\u00e9e (Biblioth\u00e8que centrale), du 1er \u00e9tage (Biblioth\u00e8que des arts) et du 2e \u00e9tage (Biblioth\u00e8ques des sciences juridiques et politiques). La construction de ces partitions sera r\u00e9alis\u00e9e apr\u00e8s la fermeture des biblioth\u00e8ques. Nous devrons enlever quelques places de travail pendant les travaux. Des affiches indiqueront clairement des options vers o\u00f9 se diriger pour travailler en silence.\t\t<\/p>\n","protected":false},"excerpt":{"rendered":"<p>Pendant cette journ\u00e9e, il y aura livraison de mat\u00e9riaux servant \u00e0 la construction des partitions temporaires entre le \u00ab chantier \u00bb et les espaces aux biblioth\u00e8ques. Ne soyez pas \u00e9tonn\u00e9s de rencontrer des employ\u00e9s de la construction transportant des montants m\u00e9talliques et des feuilles de gypse. Les partitions temporaires seront mises en place \u00e0 l\u2019extr\u00e9mit\u00e9 [&hellip;]<\/p>\n","protected":false},"author":1,"featured_media":0,"comment_status":"closed","ping_status":"open","sticky":false,"template":"","format":"standard","meta":{"advgb_blocks_editor_width":"","advgb_blocks_columns_visual_guide":"","footnotes":""},"categories":[9,1],"tags":[],"class_list":["post-4","post","type-post","status-publish","format-standard","hentry","category-actualites","category-non-classe"],"yoast_head":"<!-- This site is optimized with the Yoast SEO plugin v26.9 - https:\/\/yoast.com\/product\/yoast-seo-wordpress\/ -->\n<title>Les travaux de construction d\u00e9buteront le mardi 13 mars. | Centre des livres rares et collections sp\u00e9ciales | UQAM<\/title>\n<meta name=\"robots\" content=\"index, follow, max-snippet:-1, max-image-preview:large, max-video-preview:-1\" \/>\n<link rel=\"canonical\" href=\"https:\/\/sites-bibliotheques.uqam.ca\/livres-rares\/non-classe\/debut-travaux\/\" \/>\n<meta property=\"og:locale\" content=\"fr_CA\" \/>\n<meta property=\"og:type\" content=\"article\" \/>\n<meta property=\"og:title\" content=\"Les travaux de construction d\u00e9buteront le mardi 13 mars. | Centre des livres rares et collections sp\u00e9ciales | UQAM\" \/>\n<meta property=\"og:description\" content=\"Pendant cette journ\u00e9e, il y aura livraison de mat\u00e9riaux servant \u00e0 la construction des partitions temporaires entre le \u00ab chantier \u00bb et les espaces aux biblioth\u00e8ques. Ne soyez pas \u00e9tonn\u00e9s de rencontrer des employ\u00e9s de la construction transportant des montants m\u00e9talliques et des feuilles de gypse. Les partitions temporaires seront mises en place \u00e0 l\u2019extr\u00e9mit\u00e9 [&hellip;]\" \/>\n<meta property=\"og:url\" content=\"https:\/\/sites-bibliotheques.uqam.ca\/livres-rares\/non-classe\/debut-travaux\/\" \/>\n<meta property=\"og:site_name\" content=\"Centre des livres rares et collections sp\u00e9ciales\" \/>\n<meta property=\"article:published_time\" content=\"2018-03-09T19:18:24+00:00\" \/>\n<meta property=\"article:modified_time\" content=\"2022-09-28T17:18:43+00:00\" \/>\n<meta name=\"author\" content=\"Laporte, Jonathan\" \/>\n<meta name=\"twitter:card\" content=\"summary_large_image\" \/>\n<meta name=\"twitter:label1\" content=\"\u00c9crit par\" \/>\n\t<meta name=\"twitter:data1\" content=\"Laporte, Jonathan\" \/>\n\t<meta name=\"twitter:label2\" content=\"Estimation du temps de lecture\" \/>\n\t<meta name=\"twitter:data2\" content=\"1 minute\" \/>\n<script type=\"application\/ld+json\" class=\"yoast-schema-graph\">{\"@context\":\"https:\/\/schema.org\",\"@graph\":[{\"@type\":\"Article\",\"@id\":\"https:\/\/sites-bibliotheques.uqam.ca\/livres-rares\/non-classe\/debut-travaux\/#article\",\"isPartOf\":{\"@id\":\"https:\/\/sites-bibliotheques.uqam.ca\/livres-rares\/non-classe\/debut-travaux\/\"},\"author\":{\"name\":\"Laporte, Jonathan\",\"@id\":\"https:\/\/sites-bibliotheques.uqam.ca\/livres-rares\/#\/schema\/person\/e5e84bd1ae9f879b3c315c5c04cb3e4a\"},\"headline\":\"Les travaux de construction d\u00e9buteront le mardi 13 mars.\",\"datePublished\":\"2018-03-09T19:18:24+00:00\",\"dateModified\":\"2022-09-28T17:18:43+00:00\",\"mainEntityOfPage\":{\"@id\":\"https:\/\/sites-bibliotheques.uqam.ca\/livres-rares\/non-classe\/debut-travaux\/\"},\"wordCount\":133,\"publisher\":{\"@id\":\"https:\/\/sites-bibliotheques.uqam.ca\/livres-rares\/#organization\"},\"articleSection\":[\"Actualit\u00e9s\"],\"inLanguage\":\"fr-CA\"},{\"@type\":\"WebPage\",\"@id\":\"https:\/\/sites-bibliotheques.uqam.ca\/livres-rares\/non-classe\/debut-travaux\/\",\"url\":\"https:\/\/sites-bibliotheques.uqam.ca\/livres-rares\/non-classe\/debut-travaux\/\",\"name\":\"Les travaux de construction d\u00e9buteront le mardi 13 mars. | Centre des livres rares et collections sp\u00e9ciales | UQAM\",\"isPartOf\":{\"@id\":\"https:\/\/sites-bibliotheques.uqam.ca\/livres-rares\/#website\"},\"datePublished\":\"2018-03-09T19:18:24+00:00\",\"dateModified\":\"2022-09-28T17:18:43+00:00\",\"breadcrumb\":{\"@id\":\"https:\/\/sites-bibliotheques.uqam.ca\/livres-rares\/non-classe\/debut-travaux\/#breadcrumb\"},\"inLanguage\":\"fr-CA\",\"potentialAction\":[{\"@type\":\"ReadAction\",\"target\":[\"https:\/\/sites-bibliotheques.uqam.ca\/livres-rares\/non-classe\/debut-travaux\/\"]}]},{\"@type\":\"WebSite\",\"@id\":\"https:\/\/sites-bibliotheques.uqam.ca\/livres-rares\/#website\",\"url\":\"https:\/\/sites-bibliotheques.uqam.ca\/livres-rares\/\",\"name\":\"Centre des livres rares et collections sp\u00e9ciales\",\"description\":\"Un site utilisant Site des biblioth\u00e8ques en DEV\",\"publisher\":{\"@id\":\"https:\/\/sites-bibliotheques.uqam.ca\/livres-rares\/#organization\"},\"potentialAction\":[{\"@type\":\"SearchAction\",\"target\":{\"@type\":\"EntryPoint\",\"urlTemplate\":\"https:\/\/sites-bibliotheques.uqam.ca\/livres-rares\/recherche\/?q={search_term_string}\"},\"query-input\":{\"@type\":\"PropertyValueSpecification\",\"valueRequired\":true,\"valueName\":\"search_term_string\"}}],\"inLanguage\":\"fr-CA\"},{\"@type\":\"Organization\",\"@id\":\"https:\/\/sites-bibliotheques.uqam.ca\/livres-rares\/#organization\",\"name\":\"Centre de consultation des livres rares\",\"url\":\"https:\/\/sites-bibliotheques.uqam.ca\/livres-rares\/\",\"logo\":{\"@type\":\"ImageObject\",\"inLanguage\":\"fr-CA\",\"@id\":\"https:\/\/sites-bibliotheques.uqam.ca\/livres-rares\/#\/schema\/logo\/image\/\",\"url\":\"https:\/\/gabarit-adaptatif.uqam.ca\/statique\/images\/logo-uqam.jpg\",\"contentUrl\":\"\",\"caption\":\"Centre de consultation des livres rares\"},\"image\":{\"@id\":\"https:\/\/sites-bibliotheques.uqam.ca\/livres-rares\/#\/schema\/logo\/image\/\"},\"parentOrganization\":{\"@type\":\"EducationalOrganization\",\"@id\":\"https:\/\/uqam.ca\/#organization\",\"name\":\"Universit\u00e9 du Qu\u00e9bec \u00e0 Montr\u00e9al\",\"url\":\"https:\/\/uqam.ca\",\"alternateName\":\"UQAM\",\"logo\":\"https:\/\/gabarit-adaptatif.uqam.ca\/statique\/images\/logo-uqam.jpg\"}},{\"@type\":\"Person\",\"@id\":\"https:\/\/sites-bibliotheques.uqam.ca\/livres-rares\/#\/schema\/person\/e5e84bd1ae9f879b3c315c5c04cb3e4a\",\"name\":\"Laporte, Jonathan\",\"image\":{\"@type\":\"ImageObject\",\"inLanguage\":\"fr-CA\",\"@id\":\"https:\/\/sites-bibliotheques.uqam.ca\/livres-rares\/#\/schema\/person\/image\/\",\"url\":\"https:\/\/secure.gravatar.com\/avatar\/064745b4f9b92b9af7de294b8db82c824b80019f5ffd151c99b31426eeff56de?s=96&d=mm&r=g\",\"contentUrl\":\"https:\/\/secure.gravatar.com\/avatar\/064745b4f9b92b9af7de294b8db82c824b80019f5ffd151c99b31426eeff56de?s=96&d=mm&r=g\",\"caption\":\"Laporte, Jonathan\"},\"sameAs\":[\"https:\/\/sites-bibliotheques.uqam.ca\"]}]}<\/script>\n<!-- \/ Yoast SEO plugin. -->","yoast_head_json":{"title":"Les travaux de construction d\u00e9buteront le mardi 13 mars. | Centre des livres rares et collections sp\u00e9ciales | UQAM","robots":{"index":"index","follow":"follow","max-snippet":"max-snippet:-1","max-image-preview":"max-image-preview:large","max-video-preview":"max-video-preview:-1"},"canonical":"https:\/\/sites-bibliotheques.uqam.ca\/livres-rares\/non-classe\/debut-travaux\/","og_locale":"fr_CA","og_type":"article","og_title":"Les travaux de construction d\u00e9buteront le mardi 13 mars. | Centre des livres rares et collections sp\u00e9ciales | UQAM","og_description":"Pendant cette journ\u00e9e, il y aura livraison de mat\u00e9riaux servant \u00e0 la construction des partitions temporaires entre le \u00ab chantier \u00bb et les espaces aux biblioth\u00e8ques. Ne soyez pas \u00e9tonn\u00e9s de rencontrer des employ\u00e9s de la construction transportant des montants m\u00e9talliques et des feuilles de gypse. Les partitions temporaires seront mises en place \u00e0 l\u2019extr\u00e9mit\u00e9 [&hellip;]","og_url":"https:\/\/sites-bibliotheques.uqam.ca\/livres-rares\/non-classe\/debut-travaux\/","og_site_name":"Centre des livres rares et collections sp\u00e9ciales","article_published_time":"2018-03-09T19:18:24+00:00","article_modified_time":"2022-09-28T17:18:43+00:00","author":"Laporte, Jonathan","twitter_card":"summary_large_image","twitter_misc":{"\u00c9crit par":"Laporte, Jonathan","Estimation du temps de lecture":"1 minute"},"schema":{"@context":"https:\/\/schema.org","@graph":[{"@type":"Article","@id":"https:\/\/sites-bibliotheques.uqam.ca\/livres-rares\/non-classe\/debut-travaux\/#article","isPartOf":{"@id":"https:\/\/sites-bibliotheques.uqam.ca\/livres-rares\/non-classe\/debut-travaux\/"},"author":{"name":"Laporte, Jonathan","@id":"https:\/\/sites-bibliotheques.uqam.ca\/livres-rares\/#\/schema\/person\/e5e84bd1ae9f879b3c315c5c04cb3e4a"},"headline":"Les travaux de construction d\u00e9buteront le mardi 13 mars.","datePublished":"2018-03-09T19:18:24+00:00","dateModified":"2022-09-28T17:18:43+00:00","mainEntityOfPage":{"@id":"https:\/\/sites-bibliotheques.uqam.ca\/livres-rares\/non-classe\/debut-travaux\/"},"wordCount":133,"publisher":{"@id":"https:\/\/sites-bibliotheques.uqam.ca\/livres-rares\/#organization"},"articleSection":["Actualit\u00e9s"],"inLanguage":"fr-CA"},{"@type":"WebPage","@id":"https:\/\/sites-bibliotheques.uqam.ca\/livres-rares\/non-classe\/debut-travaux\/","url":"https:\/\/sites-bibliotheques.uqam.ca\/livres-rares\/non-classe\/debut-travaux\/","name":"Les travaux de construction d\u00e9buteront le mardi 13 mars. | Centre des livres rares et collections sp\u00e9ciales | UQAM","isPartOf":{"@id":"https:\/\/sites-bibliotheques.uqam.ca\/livres-rares\/#website"},"datePublished":"2018-03-09T19:18:24+00:00","dateModified":"2022-09-28T17:18:43+00:00","breadcrumb":{"@id":"https:\/\/sites-bibliotheques.uqam.ca\/livres-rares\/non-classe\/debut-travaux\/#breadcrumb"},"inLanguage":"fr-CA","potentialAction":[{"@type":"ReadAction","target":["https:\/\/sites-bibliotheques.uqam.ca\/livres-rares\/non-classe\/debut-travaux\/"]}]},{"@type":"WebSite","@id":"https:\/\/sites-bibliotheques.uqam.ca\/livres-rares\/#website","url":"https:\/\/sites-bibliotheques.uqam.ca\/livres-rares\/","name":"Centre des livres rares et collections sp\u00e9ciales","description":"Un site utilisant Site des biblioth\u00e8ques en DEV","publisher":{"@id":"https:\/\/sites-bibliotheques.uqam.ca\/livres-rares\/#organization"},"potentialAction":[{"@type":"SearchAction","target":{"@type":"EntryPoint","urlTemplate":"https:\/\/sites-bibliotheques.uqam.ca\/livres-rares\/recherche\/?q={search_term_string}"},"query-input":{"@type":"PropertyValueSpecification","valueRequired":true,"valueName":"search_term_string"}}],"inLanguage":"fr-CA"},{"@type":"Organization","@id":"https:\/\/sites-bibliotheques.uqam.ca\/livres-rares\/#organization","name":"Centre de consultation des livres rares","url":"https:\/\/sites-bibliotheques.uqam.ca\/livres-rares\/","logo":{"@type":"ImageObject","inLanguage":"fr-CA","@id":"https:\/\/sites-bibliotheques.uqam.ca\/livres-rares\/#\/schema\/logo\/image\/","url":"https:\/\/gabarit-adaptatif.uqam.ca\/statique\/images\/logo-uqam.jpg","contentUrl":"","caption":"Centre de consultation des livres rares"},"image":{"@id":"https:\/\/sites-bibliotheques.uqam.ca\/livres-rares\/#\/schema\/logo\/image\/"},"parentOrganization":{"@type":"EducationalOrganization","@id":"https:\/\/uqam.ca\/#organization","name":"Universit\u00e9 du Qu\u00e9bec \u00e0 Montr\u00e9al","url":"https:\/\/uqam.ca","alternateName":"UQAM","logo":"https:\/\/gabarit-adaptatif.uqam.ca\/statique\/images\/logo-uqam.jpg"}},{"@type":"Person","@id":"https:\/\/sites-bibliotheques.uqam.ca\/livres-rares\/#\/schema\/person\/e5e84bd1ae9f879b3c315c5c04cb3e4a","name":"Laporte, Jonathan","image":{"@type":"ImageObject","inLanguage":"fr-CA","@id":"https:\/\/sites-bibliotheques.uqam.ca\/livres-rares\/#\/schema\/person\/image\/","url":"https:\/\/secure.gravatar.com\/avatar\/064745b4f9b92b9af7de294b8db82c824b80019f5ffd151c99b31426eeff56de?s=96&d=mm&r=g","contentUrl":"https:\/\/secure.gravatar.com\/avatar\/064745b4f9b92b9af7de294b8db82c824b80019f5ffd151c99b31426eeff56de?s=96&d=mm&r=g","caption":"Laporte, Jonathan"},"sameAs":["https:\/\/sites-bibliotheques.uqam.ca"]}]}},"author_meta":{"display_name":"Laporte, Jonathan","author_link":"https:\/\/sites-bibliotheques.uqam.ca\/livres-rares\/author\/laporte_jon\/"},"featured_img":null,"coauthors":[],"tax_additional":{"categories":{"linked":["<a href=\"https:\/\/sites-bibliotheques.uqam.ca\/livres-rares\/actualites\/\" class=\"advgb-post-tax-term\">Actualit\u00e9s<\/a>","<a href=\"https:\/\/sites-bibliotheques.uqam.ca\/livres-rares\/non-classe\/\" class=\"advgb-post-tax-term\">Non class\u00e9<\/a>"],"unlinked":["<span class=\"advgb-post-tax-term\">Actualit\u00e9s<\/span>","<span class=\"advgb-post-tax-term\">Non class\u00e9<\/span>"]}},"comment_count":"0","relative_dates":{"created":"Posted 8 ann\u00e9es ago","modified":"Updated 4 ann\u00e9es ago"},"absolute_dates":{"created":"Posted on 9 mars 2018","modified":"Updated on 28 septembre 2022"},"absolute_dates_time":{"created":"Posted on 9 mars 2018 19 h 18 min","modified":"Updated on 28 septembre 2022 17 h 18 min"},"featured_img_caption":"","series_order":"","_links":{"self":[{"href":"https:\/\/sites-bibliotheques.uqam.ca\/livres-rares\/wp-json\/wp\/v2\/posts\/4","targetHints":{"allow":["GET"]}}],"collection":[{"href":"https:\/\/sites-bibliotheques.uqam.ca\/livres-rares\/wp-json\/wp\/v2\/posts"}],"about":[{"href":"https:\/\/sites-bibliotheques.uqam.ca\/livres-rares\/wp-json\/wp\/v2\/types\/post"}],"author":[{"embeddable":true,"href":"https:\/\/sites-bibliotheques.uqam.ca\/livres-rares\/wp-json\/wp\/v2\/users\/1"}],"replies":[{"embeddable":true,"href":"https:\/\/sites-bibliotheques.uqam.ca\/livres-rares\/wp-json\/wp\/v2\/comments?post=4"}],"version-history":[{"count":1,"href":"https:\/\/sites-bibliotheques.uqam.ca\/livres-rares\/wp-json\/wp\/v2\/posts\/4\/revisions"}],"predecessor-version":[{"id":848,"href":"https:\/\/sites-bibliotheques.uqam.ca\/livres-rares\/wp-json\/wp\/v2\/posts\/4\/revisions\/848"}],"wp:attachment":[{"href":"https:\/\/sites-bibliotheques.uqam.ca\/livres-rares\/wp-json\/wp\/v2\/media?parent=4"}],"wp:term":[{"taxonomy":"category","embeddable":true,"href":"https:\/\/sites-bibliotheques.uqam.ca\/livres-rares\/wp-json\/wp\/v2\/categories?post=4"},{"taxonomy":"post_tag","embeddable":true,"href":"https:\/\/sites-bibliotheques.uqam.ca\/livres-rares\/wp-json\/wp\/v2\/tags?post=4"}],"curies":[{"name":"wp","href":"https:\/\/api.w.org\/{rel}","templated":true}]}}